{"id":1231,"date":"2022-06-03T12:14:55","date_gmt":"2022-06-03T10:14:55","guid":{"rendered":"https:\/\/www.life-recorgfertplus.eu\/9a-conferenza-internazionale-sulla-gestione-sostenibile-dei-rifiuti-solidi\/"},"modified":"2022-06-09T11:50:45","modified_gmt":"2022-06-09T09:50:45","slug":"9a-conferenza-internazionale-sulla-gestione-sostenibile-dei-rifiuti-solidi","status":"publish","type":"post","link":"https:\/\/www.life-recorgfertplus.eu\/it\/9a-conferenza-internazionale-sulla-gestione-sostenibile-dei-rifiuti-solidi\/","title":{"rendered":"9<sup>a<\/sup> conferenza internazionale sulla gestione sostenibile dei rifiuti solidi"},"content":{"rendered":"<p><div class=\"fusion-fullwidth fullwidth-box fusion-builder-row-1 fusion-flex-container nonhundred-percent-fullwidth non-hundred-percent-height-scrolling\" style=\"--awb-border-radius-top-left:0px;--awb-border-radius-top-right:0px;--awb-border-radius-bottom-right:0px;--awb-border-radius-bottom-left:0px;--awb-flex-wrap:wrap;\" ><div class=\"fusion-builder-row fusion-row fusion-flex-align-items-flex-start fusion-flex-content-wrap\" style=\"max-width:1248px;margin-left: calc(-4% \/ 2 );margin-right: calc(-4% \/ 2 );\"><div class=\"fusion-layout-column fusion_builder_column fusion-builder-column-0 fusion_builder_column_1_1 1_1 fusion-flex-column\" style=\"--awb-bg-size:cover;--awb-width-large:100%;--awb-margin-top-large:0px;--awb-spacing-right-large:1.92%;--awb-margin-bottom-large:0px;--awb-spacing-left-large:1.92%;--awb-width-medium:100%;--awb-spacing-right-medium:1.92%;--awb-spacing-left-medium:1.92%;--awb-width-small:100%;--awb-spacing-right-small:1.92%;--awb-spacing-left-small:1.92%;\"><div class=\"fusion-column-wrapper fusion-flex-justify-content-flex-start fusion-content-layout-column\"><div class=\"fusion-text fusion-text-1\" style=\"--awb-text-transform:none;\"><p><strong>03 giugno 2022<\/strong><\/p>\n<p>Abbiamo il piacere di informarvi che la <strong>9a conferenza internazionale sulla gestione sostenibile dei rifiuti solidi<\/strong> si terr\u00e0 a Corf\u00f9, in Grecia, dal 15 al 18 giugno 2022. La conferenza offrir\u00e0 l&#8217;opportunit\u00e0 di riunire scienziati e professionisti di dipartimenti governativi, industrie, comuni , istituzioni private, istituti di ricerca e istruzione, essendo un forum per lo scambio delle idee, delle tecniche e delle esperienze pi\u00f9 recenti in tutti i settori della gestione dei rifiuti solidi.<br \/>\nUna sessione speciale si concentrer\u00e0 sulla gestione dei rifiuti solidi e sul ruolo degli enti locali e dei comuni per sfruttare sia i materiali riciclabili che i rifiuti organici.<\/p>\n<p>L&#8217;agenda della Conferenza offre una notevole variet\u00e0 di argomenti presentati attraverso quasi 500 presentazioni all&#8217;interno delle ventisei diverse sessioni orali e un&#8217;ampia sessione poster con pi\u00f9 di 150 poster.<\/p>\n<p>All&#8217;evento parteciperanno il Coordinatore del Progetto Antonio Scialletti e Giovanni Calamar\u00e0 con un intervento sulla Sostenibilit\u00e0 in Agricoltura I rifiuti per i nuovi fertilizzanti organo-minerali.<\/p>\n<p>Non perderlo!<\/p>\n<\/div><div class=\"fusion-separator fusion-full-width-sep\" style=\"align-self: center;margin-left: auto;margin-right: auto;margin-top:20px;margin-bottom:20px;width:100%;\"><\/div><\/div><\/div><\/div><\/div><div class=\"fusion-fullwidth fullwidth-box fusion-builder-row-2 fusion-flex-container nonhundred-percent-fullwidth non-hundred-percent-height-scrolling\" style=\"--awb-border-radius-top-left:0px;--awb-border-radius-top-right:0px;--awb-border-radius-bottom-right:0px;--awb-border-radius-bottom-left:0px;--awb-flex-wrap:wrap;\" ><div class=\"fusion-builder-row fusion-row fusion-flex-align-items-flex-start fusion-flex-content-wrap\" style=\"max-width:1248px;margin-left: calc(-4% \/ 2 );margin-right: calc(-4% \/ 2 );\"><div class=\"fusion-layout-column fusion_builder_column fusion-builder-column-1 fusion_builder_column_1_2 1_2 fusion-flex-column\" style=\"--awb-bg-size:cover;--awb-width-large:50%;--awb-margin-top-large:0px;--awb-spacing-right-large:3.84%;--awb-margin-bottom-large:20px;--awb-spacing-left-large:3.84%;--awb-width-medium:50%;--awb-order-medium:0;--awb-spacing-right-medium:3.84%;--awb-spacing-left-medium:3.84%;--awb-width-small:100%;--awb-order-small:0;--awb-spacing-right-small:1.92%;--awb-spacing-left-small:1.92%;\"><div class=\"fusion-column-wrapper fusion-column-has-shadow fusion-flex-justify-content-flex-start fusion-content-layout-column\"><div style=\"text-align:center;\"><a class=\"fusion-button button-flat fusion-button-default-size button-default fusion-button-default button-1 fusion-button-default-span fusion-button-default-type\" target=\"_self\" href=\"https:\/\/www.life-recorgfertplus.eu\/wp-content\/uploads\/2022\/06\/CORFU-2022-agenda_LOW.pdf\"><span class=\"fusion-button-text awb-button__text awb-button__text--default\">SCARICA IL PROGRAMMA &gt;&gt;<\/span><\/a><\/div><\/div><\/div><div class=\"fusion-layout-column fusion_builder_column fusion-builder-column-2 fusion_builder_column_1_2 1_2 fusion-flex-column\" style=\"--awb-bg-size:cover;--awb-width-large:50%;--awb-margin-top-large:0px;--awb-spacing-right-large:3.84%;--awb-margin-bottom-large:20px;--awb-spacing-left-large:3.84%;--awb-width-medium:50%;--awb-order-medium:0;--awb-spacing-right-medium:3.84%;--awb-spacing-left-medium:3.84%;--awb-width-small:100%;--awb-order-small:0;--awb-spacing-right-small:1.92%;--awb-spacing-left-small:1.92%;\"><div class=\"fusion-column-wrapper fusion-column-has-shadow fusion-flex-justify-content-flex-start fusion-content-layout-column\"><div style=\"text-align:center;\"><a class=\"fusion-button button-flat fusion-button-default-size button-default fusion-button-default button-2 fusion-button-default-span fusion-button-default-type\" target=\"_self\" href=\"https:\/\/corfu2022.uest.gr\/cardlink\/checkout.php\"><span class=\"fusion-button-text awb-button__text awb-button__text--default\">REGISTRATI QUI &gt;&gt;<\/span><\/a><\/div><\/div><\/div><\/div><\/div><\/p>\n","protected":false},"excerpt":{"rendered":"","protected":false},"author":2,"featured_media":1226,"comment_status":"open","ping_status":"open","sticky":false,"template":"","format":"standard","meta":{"footnotes":""},"categories":[35,36,4,5],"tags":[],"class_list":["post-1231","post","type-post","status-publish","format-standard","has-post-thumbnail","hentry","category-eventi-pubblici","category-news-it","category-news","category-public-events"],"yoast_head":"<!-- This site is optimized with the Yoast SEO plugin v27.4 - https:\/\/yoast.com\/product\/yoast-seo-wordpress\/ -->\n<title>9a conferenza internazionale sulla gestione sostenibile dei rifiuti solidi - Life-RecOrgFertPLUS<\/title>\n<meta name=\"description\" content=\"Abbiamo il piacere di informarvi che la nona conferenza internazionale sulla gestione sostenibile dei rifiuti solidi si terr\u00e0 a Corf\u00f9, in Grecia, dal 15 al 18 giugno 2022. Leggi di pi\u00f9 &gt;&gt;\" \/>\n<meta name=\"robots\" content=\"index, follow, max-snippet:-1, max-image-preview:large, max-video-preview:-1\" \/>\n<link rel=\"canonical\" href=\"https:\/\/www.life-recorgfertplus.eu\/it\/9a-conferenza-internazionale-sulla-gestione-sostenibile-dei-rifiuti-solidi\/\" \/>\n<meta property=\"og:locale\" content=\"it_IT\" \/>\n<meta property=\"og:type\" content=\"article\" \/>\n<meta property=\"og:title\" content=\"9a conferenza internazionale sulla gestione sostenibile dei rifiuti solidi - Life-RecOrgFertPLUS\" \/>\n<meta property=\"og:description\" content=\"Abbiamo il piacere di informarvi che la nona conferenza internazionale sulla gestione sostenibile dei rifiuti solidi si terr\u00e0 a Corf\u00f9, in Grecia, dal 15 al 18 giugno 2022. Leggi di pi\u00f9 &gt;&gt;\" \/>\n<meta property=\"og:url\" content=\"https:\/\/www.life-recorgfertplus.eu\/it\/9a-conferenza-internazionale-sulla-gestione-sostenibile-dei-rifiuti-solidi\/\" \/>\n<meta property=\"og:site_name\" content=\"Life-RecOrgFertPLUS\" \/>\n<meta property=\"article:published_time\" content=\"2022-06-03T10:14:55+00:00\" \/>\n<meta property=\"article:modified_time\" content=\"2022-06-09T09:50:45+00:00\" \/>\n<meta property=\"og:image\" content=\"https:\/\/www.life-recorgfertplus.eu\/wp-content\/uploads\/2022\/06\/CORFU-2022..jpg\" \/>\n\t<meta property=\"og:image:width\" content=\"600\" \/>\n\t<meta property=\"og:image:height\" content=\"400\" \/>\n\t<meta property=\"og:image:type\" content=\"image\/jpeg\" \/>\n<meta name=\"author\" content=\"Sara Attan\u00e0\" \/>\n<meta name=\"twitter:card\" content=\"summary_large_image\" \/>\n<meta name=\"twitter:label1\" content=\"Scritto da\" \/>\n\t<meta name=\"twitter:data1\" content=\"Sara Attan\u00e0\" \/>\n\t<meta name=\"twitter:label2\" content=\"Tempo di lettura stimato\" \/>\n\t<meta name=\"twitter:data2\" content=\"8 minuti\" \/>\n<script type=\"application\/ld+json\" class=\"yoast-schema-graph\">{\"@context\":\"https:\\\/\\\/schema.org\",\"@graph\":[{\"@type\":\"Article\",\"@id\":\"https:\\\/\\\/www.life-recorgfertplus.eu\\\/it\\\/9a-conferenza-internazionale-sulla-gestione-sostenibile-dei-rifiuti-solidi\\\/#article\",\"isPartOf\":{\"@id\":\"https:\\\/\\\/www.life-recorgfertplus.eu\\\/it\\\/9a-conferenza-internazionale-sulla-gestione-sostenibile-dei-rifiuti-solidi\\\/\"},\"author\":{\"name\":\"Sara Attan\u00e0\",\"@id\":\"https:\\\/\\\/www.life-recorgfertplus.eu\\\/#\\\/schema\\\/person\\\/8d82401b46428e94d204c23af9a2aa30\"},\"headline\":\"9a conferenza internazionale sulla gestione sostenibile dei rifiuti solidi\",\"datePublished\":\"2022-06-03T10:14:55+00:00\",\"dateModified\":\"2022-06-09T09:50:45+00:00\",\"mainEntityOfPage\":{\"@id\":\"https:\\\/\\\/www.life-recorgfertplus.eu\\\/it\\\/9a-conferenza-internazionale-sulla-gestione-sostenibile-dei-rifiuti-solidi\\\/\"},\"wordCount\":1567,\"commentCount\":0,\"publisher\":{\"@id\":\"https:\\\/\\\/www.life-recorgfertplus.eu\\\/#organization\"},\"image\":{\"@id\":\"https:\\\/\\\/www.life-recorgfertplus.eu\\\/it\\\/9a-conferenza-internazionale-sulla-gestione-sostenibile-dei-rifiuti-solidi\\\/#primaryimage\"},\"thumbnailUrl\":\"https:\\\/\\\/www.life-recorgfertplus.eu\\\/wp-content\\\/uploads\\\/2022\\\/06\\\/CORFU-2022..jpg\",\"articleSection\":[\"Eventi Pubblici\",\"News\",\"News\",\"Public Events\"],\"inLanguage\":\"it-IT\",\"potentialAction\":[{\"@type\":\"CommentAction\",\"name\":\"Comment\",\"target\":[\"https:\\\/\\\/www.life-recorgfertplus.eu\\\/it\\\/9a-conferenza-internazionale-sulla-gestione-sostenibile-dei-rifiuti-solidi\\\/#respond\"]}]},{\"@type\":\"WebPage\",\"@id\":\"https:\\\/\\\/www.life-recorgfertplus.eu\\\/it\\\/9a-conferenza-internazionale-sulla-gestione-sostenibile-dei-rifiuti-solidi\\\/\",\"url\":\"https:\\\/\\\/www.life-recorgfertplus.eu\\\/it\\\/9a-conferenza-internazionale-sulla-gestione-sostenibile-dei-rifiuti-solidi\\\/\",\"name\":\"9a conferenza internazionale sulla gestione sostenibile dei rifiuti solidi - Life-RecOrgFertPLUS\",\"isPartOf\":{\"@id\":\"https:\\\/\\\/www.life-recorgfertplus.eu\\\/#website\"},\"primaryImageOfPage\":{\"@id\":\"https:\\\/\\\/www.life-recorgfertplus.eu\\\/it\\\/9a-conferenza-internazionale-sulla-gestione-sostenibile-dei-rifiuti-solidi\\\/#primaryimage\"},\"image\":{\"@id\":\"https:\\\/\\\/www.life-recorgfertplus.eu\\\/it\\\/9a-conferenza-internazionale-sulla-gestione-sostenibile-dei-rifiuti-solidi\\\/#primaryimage\"},\"thumbnailUrl\":\"https:\\\/\\\/www.life-recorgfertplus.eu\\\/wp-content\\\/uploads\\\/2022\\\/06\\\/CORFU-2022..jpg\",\"datePublished\":\"2022-06-03T10:14:55+00:00\",\"dateModified\":\"2022-06-09T09:50:45+00:00\",\"description\":\"Abbiamo il piacere di informarvi che la nona conferenza internazionale sulla gestione sostenibile dei rifiuti solidi si terr\u00e0 a Corf\u00f9, in Grecia, dal 15 al 18 giugno 2022. Leggi di pi\u00f9 >>\",\"breadcrumb\":{\"@id\":\"https:\\\/\\\/www.life-recorgfertplus.eu\\\/it\\\/9a-conferenza-internazionale-sulla-gestione-sostenibile-dei-rifiuti-solidi\\\/#breadcrumb\"},\"inLanguage\":\"it-IT\",\"potentialAction\":[{\"@type\":\"ReadAction\",\"target\":[\"https:\\\/\\\/www.life-recorgfertplus.eu\\\/it\\\/9a-conferenza-internazionale-sulla-gestione-sostenibile-dei-rifiuti-solidi\\\/\"]}]},{\"@type\":\"ImageObject\",\"inLanguage\":\"it-IT\",\"@id\":\"https:\\\/\\\/www.life-recorgfertplus.eu\\\/it\\\/9a-conferenza-internazionale-sulla-gestione-sostenibile-dei-rifiuti-solidi\\\/#primaryimage\",\"url\":\"https:\\\/\\\/www.life-recorgfertplus.eu\\\/wp-content\\\/uploads\\\/2022\\\/06\\\/CORFU-2022..jpg\",\"contentUrl\":\"https:\\\/\\\/www.life-recorgfertplus.eu\\\/wp-content\\\/uploads\\\/2022\\\/06\\\/CORFU-2022..jpg\",\"width\":600,\"height\":400},{\"@type\":\"BreadcrumbList\",\"@id\":\"https:\\\/\\\/www.life-recorgfertplus.eu\\\/it\\\/9a-conferenza-internazionale-sulla-gestione-sostenibile-dei-rifiuti-solidi\\\/#breadcrumb\",\"itemListElement\":[{\"@type\":\"ListItem\",\"position\":1,\"name\":\"Home\",\"item\":\"https:\\\/\\\/www.life-recorgfertplus.eu\\\/it\\\/\"},{\"@type\":\"ListItem\",\"position\":2,\"name\":\"9a conferenza internazionale sulla gestione sostenibile dei rifiuti solidi\"}]},{\"@type\":\"WebSite\",\"@id\":\"https:\\\/\\\/www.life-recorgfertplus.eu\\\/#website\",\"url\":\"https:\\\/\\\/www.life-recorgfertplus.eu\\\/\",\"name\":\"Life-RecOrgFertPLUS\",\"description\":\"Organic-mineral fertilizers by using recovered sulphur &amp; orange wastes as sustainable soil recovery from desertification\",\"publisher\":{\"@id\":\"https:\\\/\\\/www.life-recorgfertplus.eu\\\/#organization\"},\"potentialAction\":[{\"@type\":\"SearchAction\",\"target\":{\"@type\":\"EntryPoint\",\"urlTemplate\":\"https:\\\/\\\/www.life-recorgfertplus.eu\\\/?s={search_term_string}\"},\"query-input\":{\"@type\":\"PropertyValueSpecification\",\"valueRequired\":true,\"valueName\":\"search_term_string\"}}],\"inLanguage\":\"it-IT\"},{\"@type\":\"Organization\",\"@id\":\"https:\\\/\\\/www.life-recorgfertplus.eu\\\/#organization\",\"name\":\"LIFE RecOrgFert PLUS\",\"url\":\"https:\\\/\\\/www.life-recorgfertplus.eu\\\/\",\"logo\":{\"@type\":\"ImageObject\",\"inLanguage\":\"it-IT\",\"@id\":\"https:\\\/\\\/www.life-recorgfertplus.eu\\\/#\\\/schema\\\/logo\\\/image\\\/\",\"url\":\"https:\\\/\\\/www.life-recorgfertplus.eu\\\/wp-content\\\/uploads\\\/2022\\\/02\\\/Favicon-167x167-1.png\",\"contentUrl\":\"https:\\\/\\\/www.life-recorgfertplus.eu\\\/wp-content\\\/uploads\\\/2022\\\/02\\\/Favicon-167x167-1.png\",\"width\":167,\"height\":167,\"caption\":\"LIFE RecOrgFert PLUS\"},\"image\":{\"@id\":\"https:\\\/\\\/www.life-recorgfertplus.eu\\\/#\\\/schema\\\/logo\\\/image\\\/\"},\"sameAs\":[\"https:\\\/\\\/www.linkedin.com\\\/company\\\/life-recorgfert-plus\"]},{\"@type\":\"Person\",\"@id\":\"https:\\\/\\\/www.life-recorgfertplus.eu\\\/#\\\/schema\\\/person\\\/8d82401b46428e94d204c23af9a2aa30\",\"name\":\"Sara Attan\u00e0\",\"image\":{\"@type\":\"ImageObject\",\"inLanguage\":\"it-IT\",\"@id\":\"https:\\\/\\\/secure.gravatar.com\\\/avatar\\\/94feeb1882db141a3f631a766c2e342b905fb15f4ad47eef51eef813789ea357?s=96&d=mm&r=g\",\"url\":\"https:\\\/\\\/secure.gravatar.com\\\/avatar\\\/94feeb1882db141a3f631a766c2e342b905fb15f4ad47eef51eef813789ea357?s=96&d=mm&r=g\",\"contentUrl\":\"https:\\\/\\\/secure.gravatar.com\\\/avatar\\\/94feeb1882db141a3f631a766c2e342b905fb15f4ad47eef51eef813789ea357?s=96&d=mm&r=g\",\"caption\":\"Sara Attan\u00e0\"},\"url\":\"https:\\\/\\\/www.life-recorgfertplus.eu\\\/it\\\/author\\\/sara-attana\\\/\"}]}<\/script>\n<!-- \/ Yoast SEO plugin. -->","yoast_head_json":{"title":"9a conferenza internazionale sulla gestione sostenibile dei rifiuti solidi - Life-RecOrgFertPLUS","description":"Abbiamo il piacere di informarvi che la nona conferenza internazionale sulla gestione sostenibile dei rifiuti solidi si terr\u00e0 a Corf\u00f9, in Grecia, dal 15 al 18 giugno 2022. Leggi di pi\u00f9 >>","robots":{"index":"index","follow":"follow","max-snippet":"max-snippet:-1","max-image-preview":"max-image-preview:large","max-video-preview":"max-video-preview:-1"},"canonical":"https:\/\/www.life-recorgfertplus.eu\/it\/9a-conferenza-internazionale-sulla-gestione-sostenibile-dei-rifiuti-solidi\/","og_locale":"it_IT","og_type":"article","og_title":"9a conferenza internazionale sulla gestione sostenibile dei rifiuti solidi - Life-RecOrgFertPLUS","og_description":"Abbiamo il piacere di informarvi che la nona conferenza internazionale sulla gestione sostenibile dei rifiuti solidi si terr\u00e0 a Corf\u00f9, in Grecia, dal 15 al 18 giugno 2022. Leggi di pi\u00f9 >>","og_url":"https:\/\/www.life-recorgfertplus.eu\/it\/9a-conferenza-internazionale-sulla-gestione-sostenibile-dei-rifiuti-solidi\/","og_site_name":"Life-RecOrgFertPLUS","article_published_time":"2022-06-03T10:14:55+00:00","article_modified_time":"2022-06-09T09:50:45+00:00","og_image":[{"width":600,"height":400,"url":"https:\/\/www.life-recorgfertplus.eu\/wp-content\/uploads\/2022\/06\/CORFU-2022..jpg","type":"image\/jpeg"}],"author":"Sara Attan\u00e0","twitter_card":"summary_large_image","twitter_misc":{"Scritto da":"Sara Attan\u00e0","Tempo di lettura stimato":"8 minuti"},"schema":{"@context":"https:\/\/schema.org","@graph":[{"@type":"Article","@id":"https:\/\/www.life-recorgfertplus.eu\/it\/9a-conferenza-internazionale-sulla-gestione-sostenibile-dei-rifiuti-solidi\/#article","isPartOf":{"@id":"https:\/\/www.life-recorgfertplus.eu\/it\/9a-conferenza-internazionale-sulla-gestione-sostenibile-dei-rifiuti-solidi\/"},"author":{"name":"Sara Attan\u00e0","@id":"https:\/\/www.life-recorgfertplus.eu\/#\/schema\/person\/8d82401b46428e94d204c23af9a2aa30"},"headline":"9a conferenza internazionale sulla gestione sostenibile dei rifiuti solidi","datePublished":"2022-06-03T10:14:55+00:00","dateModified":"2022-06-09T09:50:45+00:00","mainEntityOfPage":{"@id":"https:\/\/www.life-recorgfertplus.eu\/it\/9a-conferenza-internazionale-sulla-gestione-sostenibile-dei-rifiuti-solidi\/"},"wordCount":1567,"commentCount":0,"publisher":{"@id":"https:\/\/www.life-recorgfertplus.eu\/#organization"},"image":{"@id":"https:\/\/www.life-recorgfertplus.eu\/it\/9a-conferenza-internazionale-sulla-gestione-sostenibile-dei-rifiuti-solidi\/#primaryimage"},"thumbnailUrl":"https:\/\/www.life-recorgfertplus.eu\/wp-content\/uploads\/2022\/06\/CORFU-2022..jpg","articleSection":["Eventi Pubblici","News","News","Public Events"],"inLanguage":"it-IT","potentialAction":[{"@type":"CommentAction","name":"Comment","target":["https:\/\/www.life-recorgfertplus.eu\/it\/9a-conferenza-internazionale-sulla-gestione-sostenibile-dei-rifiuti-solidi\/#respond"]}]},{"@type":"WebPage","@id":"https:\/\/www.life-recorgfertplus.eu\/it\/9a-conferenza-internazionale-sulla-gestione-sostenibile-dei-rifiuti-solidi\/","url":"https:\/\/www.life-recorgfertplus.eu\/it\/9a-conferenza-internazionale-sulla-gestione-sostenibile-dei-rifiuti-solidi\/","name":"9a conferenza internazionale sulla gestione sostenibile dei rifiuti solidi - Life-RecOrgFertPLUS","isPartOf":{"@id":"https:\/\/www.life-recorgfertplus.eu\/#website"},"primaryImageOfPage":{"@id":"https:\/\/www.life-recorgfertplus.eu\/it\/9a-conferenza-internazionale-sulla-gestione-sostenibile-dei-rifiuti-solidi\/#primaryimage"},"image":{"@id":"https:\/\/www.life-recorgfertplus.eu\/it\/9a-conferenza-internazionale-sulla-gestione-sostenibile-dei-rifiuti-solidi\/#primaryimage"},"thumbnailUrl":"https:\/\/www.life-recorgfertplus.eu\/wp-content\/uploads\/2022\/06\/CORFU-2022..jpg","datePublished":"2022-06-03T10:14:55+00:00","dateModified":"2022-06-09T09:50:45+00:00","description":"Abbiamo il piacere di informarvi che la nona conferenza internazionale sulla gestione sostenibile dei rifiuti solidi si terr\u00e0 a Corf\u00f9, in Grecia, dal 15 al 18 giugno 2022. Leggi di pi\u00f9 >>","breadcrumb":{"@id":"https:\/\/www.life-recorgfertplus.eu\/it\/9a-conferenza-internazionale-sulla-gestione-sostenibile-dei-rifiuti-solidi\/#breadcrumb"},"inLanguage":"it-IT","potentialAction":[{"@type":"ReadAction","target":["https:\/\/www.life-recorgfertplus.eu\/it\/9a-conferenza-internazionale-sulla-gestione-sostenibile-dei-rifiuti-solidi\/"]}]},{"@type":"ImageObject","inLanguage":"it-IT","@id":"https:\/\/www.life-recorgfertplus.eu\/it\/9a-conferenza-internazionale-sulla-gestione-sostenibile-dei-rifiuti-solidi\/#primaryimage","url":"https:\/\/www.life-recorgfertplus.eu\/wp-content\/uploads\/2022\/06\/CORFU-2022..jpg","contentUrl":"https:\/\/www.life-recorgfertplus.eu\/wp-content\/uploads\/2022\/06\/CORFU-2022..jpg","width":600,"height":400},{"@type":"BreadcrumbList","@id":"https:\/\/www.life-recorgfertplus.eu\/it\/9a-conferenza-internazionale-sulla-gestione-sostenibile-dei-rifiuti-solidi\/#breadcrumb","itemListElement":[{"@type":"ListItem","position":1,"name":"Home","item":"https:\/\/www.life-recorgfertplus.eu\/it\/"},{"@type":"ListItem","position":2,"name":"9a conferenza internazionale sulla gestione sostenibile dei rifiuti solidi"}]},{"@type":"WebSite","@id":"https:\/\/www.life-recorgfertplus.eu\/#website","url":"https:\/\/www.life-recorgfertplus.eu\/","name":"Life-RecOrgFertPLUS","description":"Organic-mineral fertilizers by using recovered sulphur &amp; orange wastes as sustainable soil recovery from desertification","publisher":{"@id":"https:\/\/www.life-recorgfertplus.eu\/#organization"},"potentialAction":[{"@type":"SearchAction","target":{"@type":"EntryPoint","urlTemplate":"https:\/\/www.life-recorgfertplus.eu\/?s={search_term_string}"},"query-input":{"@type":"PropertyValueSpecification","valueRequired":true,"valueName":"search_term_string"}}],"inLanguage":"it-IT"},{"@type":"Organization","@id":"https:\/\/www.life-recorgfertplus.eu\/#organization","name":"LIFE RecOrgFert PLUS","url":"https:\/\/www.life-recorgfertplus.eu\/","logo":{"@type":"ImageObject","inLanguage":"it-IT","@id":"https:\/\/www.life-recorgfertplus.eu\/#\/schema\/logo\/image\/","url":"https:\/\/www.life-recorgfertplus.eu\/wp-content\/uploads\/2022\/02\/Favicon-167x167-1.png","contentUrl":"https:\/\/www.life-recorgfertplus.eu\/wp-content\/uploads\/2022\/02\/Favicon-167x167-1.png","width":167,"height":167,"caption":"LIFE RecOrgFert PLUS"},"image":{"@id":"https:\/\/www.life-recorgfertplus.eu\/#\/schema\/logo\/image\/"},"sameAs":["https:\/\/www.linkedin.com\/company\/life-recorgfert-plus"]},{"@type":"Person","@id":"https:\/\/www.life-recorgfertplus.eu\/#\/schema\/person\/8d82401b46428e94d204c23af9a2aa30","name":"Sara Attan\u00e0","image":{"@type":"ImageObject","inLanguage":"it-IT","@id":"https:\/\/secure.gravatar.com\/avatar\/94feeb1882db141a3f631a766c2e342b905fb15f4ad47eef51eef813789ea357?s=96&d=mm&r=g","url":"https:\/\/secure.gravatar.com\/avatar\/94feeb1882db141a3f631a766c2e342b905fb15f4ad47eef51eef813789ea357?s=96&d=mm&r=g","contentUrl":"https:\/\/secure.gravatar.com\/avatar\/94feeb1882db141a3f631a766c2e342b905fb15f4ad47eef51eef813789ea357?s=96&d=mm&r=g","caption":"Sara Attan\u00e0"},"url":"https:\/\/www.life-recorgfertplus.eu\/it\/author\/sara-attana\/"}]}},"_links":{"self":[{"href":"https:\/\/www.life-recorgfertplus.eu\/it\/wp-json\/wp\/v2\/posts\/1231","targetHints":{"allow":["GET"]}}],"collection":[{"href":"https:\/\/www.life-recorgfertplus.eu\/it\/wp-json\/wp\/v2\/posts"}],"about":[{"href":"https:\/\/www.life-recorgfertplus.eu\/it\/wp-json\/wp\/v2\/types\/post"}],"author":[{"embeddable":true,"href":"https:\/\/www.life-recorgfertplus.eu\/it\/wp-json\/wp\/v2\/users\/2"}],"replies":[{"embeddable":true,"href":"https:\/\/www.life-recorgfertplus.eu\/it\/wp-json\/wp\/v2\/comments?post=1231"}],"version-history":[{"count":2,"href":"https:\/\/www.life-recorgfertplus.eu\/it\/wp-json\/wp\/v2\/posts\/1231\/revisions"}],"predecessor-version":[{"id":1233,"href":"https:\/\/www.life-recorgfertplus.eu\/it\/wp-json\/wp\/v2\/posts\/1231\/revisions\/1233"}],"wp:featuredmedia":[{"embeddable":true,"href":"https:\/\/www.life-recorgfertplus.eu\/it\/wp-json\/wp\/v2\/media\/1226"}],"wp:attachment":[{"href":"https:\/\/www.life-recorgfertplus.eu\/it\/wp-json\/wp\/v2\/media?parent=1231"}],"wp:term":[{"taxonomy":"category","embeddable":true,"href":"https:\/\/www.life-recorgfertplus.eu\/it\/wp-json\/wp\/v2\/categories?post=1231"},{"taxonomy":"post_tag","embeddable":true,"href":"https:\/\/www.life-recorgfertplus.eu\/it\/wp-json\/wp\/v2\/tags?post=1231"}],"curies":[{"name":"wp","href":"https:\/\/api.w.org\/{rel}","templated":true}]}}